{"id":4719,"date":"2026-04-30T10:40:22","date_gmt":"2026-04-30T08:40:22","guid":{"rendered":"https:\/\/sportskiobjekti.com\/?p=4719"},"modified":"2026-04-30T10:40:24","modified_gmt":"2026-04-30T08:40:24","slug":"najava-opstinsko-skolsko-prvenstvo-u-atletici-na-vojnom-stadionu","status":"publish","type":"post","link":"https:\/\/sportskiobjekti.com\/?p=4719","title":{"rendered":"NAJAVA: Op\u0161tinsko \u0161kolsko prvenstvo u atletici na Vojnom stadionu"},"content":{"rendered":"\n<p><strong>Obave\u0161tavamo javnost i ljubitelje sporta da \u0107e se u utorak, 5. maja 2026. godine, na Vojnom stadionu u naselju Mala Amerika (Zrenjanin), odr\u017eati Op\u0161tinsko \u0161kolsko prvenstvo u atletici.<\/strong><\/p>\n\n\n\n<figure class=\"wp-block-image size-full is-resized\"><img loading=\"lazy\" decoding=\"async\" width=\"500\" height=\"375\" src=\"https:\/\/sportskiobjekti.com\/wp-content\/uploads\/2025\/10\/image.png\" alt=\"\" class=\"wp-image-4237\" style=\"width:733px;height:auto\" srcset=\"https:\/\/sportskiobjekti.com\/wp-content\/uploads\/2025\/10\/image.png 500w, https:\/\/sportskiobjekti.com\/wp-content\/uploads\/2025\/10\/image-300x225.png 300w, https:\/\/sportskiobjekti.com\/wp-content\/uploads\/2025\/10\/image-400x300.png 400w\" sizes=\"auto, (max-width: 500px) 100vw, 500px\" \/><\/figure>\n\n\n\n<p><\/p>\n\n\n\n<p>O\u010dekuje se u\u010de\u0161\u0107e u\u010denika svih osnovnih i srednjih \u0161kola sa teritorije grada Zrenjanina, koji \u0107e se nadmetati u razli\u010ditim atletskim disciplinama. Za sve posetioce <strong>ulaz je besplatan<\/strong>.<\/p>\n\n\n\n<p>Uspe\u0161ni takmi\u010dari sa ovog prvenstva ostvari\u0107e plasman na <strong>Okru\u017eno \u0161kolsko prvenstvo u atletici<\/strong>, koje je na programu <strong>8. maja 2026. godine<\/strong>, tako\u0111e na Vojnom stadionu.<\/p>\n\n\n\n<h3 class=\"wp-block-heading\">Re\u010d gradona\u010delnika<\/h3>\n\n\n\n<p>Povodom predstoje\u0107eg takmi\u010denja, gradona\u010delnik Zrenjanina, <strong>Simo Salapura<\/strong>, istakao je zna\u010daj \u0161kolskog sporta za razvoj mladih:<\/p>\n\n\n\n<blockquote class=\"wp-block-quote is-layout-flow wp-block-quote-is-layout-flow\">\n<p>\u201eVeoma sam zadovoljan \u0161to je sistem takmi\u010denja kroz \u0161kolski sport u na\u0161em gradu na visokom nivou. Kroz ovaj sistem, na\u0161a deca dobijaju priliku da se upoznaju sa razli\u010ditim sportovima, prepoznaju svoje afinitete, a kasnije, kroz rad u klubovima, razvijaju svoj pun potencijal. Zdravlje dece je za nas imperativ. Ovim putem pozivam sve \u0161kole i svu decu da uzmu u\u010de\u0161\u0107e, a na\u0161e sugra\u0111ane da do\u0111u na Vojni stadion i podr\u017ee mlade sportiste na ovom prazniku sporta.\u201c<\/p>\n<\/blockquote>\n\n\n\n<figure class=\"wp-block-image size-full is-resized\"><img loading=\"lazy\" decoding=\"async\" width=\"480\" height=\"360\" src=\"https:\/\/sportskiobjekti.com\/wp-content\/uploads\/2025\/10\/image-2.png\" alt=\"\" class=\"wp-image-4239\" style=\"width:732px;height:auto\" srcset=\"https:\/\/sportskiobjekti.com\/wp-content\/uploads\/2025\/10\/image-2.png 480w, https:\/\/sportskiobjekti.com\/wp-content\/uploads\/2025\/10\/image-2-300x225.png 300w, https:\/\/sportskiobjekti.com\/wp-content\/uploads\/2025\/10\/image-2-400x300.png 400w\" sizes=\"auto, (max-width: 480px) 100vw, 480px\" \/><\/figure>\n\n\n\n<h3 class=\"wp-block-heading\">Poruka direktora JU \u201eSportski objekti\u201c<\/h3>\n\n\n\n<p>Direktor Javne ustanove \u201eSportski objekti\u201c, <strong>Danijel \u0160ebez<\/strong>, naglasio je posve\u0107enost ustanove promociji sporta i rekreacije:<\/p>\n\n\n\n<blockquote class=\"wp-block-quote is-layout-flow wp-block-quote-is-layout-flow\">\n<p>\u201eOvo je jo\u0161 jedna u nizu manifestacija kojom se JU &#8216;Sportski objekti&#8217; predstavlja na\u0161em gradu kao odgovoran i dobar doma\u0107in. Podr\u0161ka lokalne samouprave i gradona\u010delnika Sime Salapure zna\u010dajno nam olak\u0161ava rad i \u010dini nas ustanovom koja postavlja standarde dobre prakse. Pozivam sugra\u0111ane i decu da nam se pridru\u017ee na Vojnom stadionu, ali i da svakodnevno pose\u0107uju na\u0161e objekte, koriste\u0107i besplatne sadr\u017eaje koji su im na raspolaganju za rekreaciju i u\u017eivanje na otvorenom.\u201c<\/p>\n<\/blockquote>\n\n\n\n<figure class=\"wp-block-image size-full is-resized\"><img loading=\"lazy\" decoding=\"async\" width=\"500\" height=\"375\" src=\"https:\/\/sportskiobjekti.com\/wp-content\/uploads\/2024\/12\/1000034131.jpg\" alt=\"\" class=\"wp-image-3451\" style=\"aspect-ratio:0.928086394502168;width:734px;height:auto\" srcset=\"https:\/\/sportskiobjekti.com\/wp-content\/uploads\/2024\/12\/1000034131.jpg 500w, https:\/\/sportskiobjekti.com\/wp-content\/uploads\/2024\/12\/1000034131-300x225.jpg 300w, https:\/\/sportskiobjekti.com\/wp-content\/uploads\/2024\/12\/1000034131-400x300.jpg 400w\" sizes=\"auto, (max-width: 500px) 100vw, 500px\" \/><\/figure>\n\n\n\n<p><\/p>\n\n\n\n<p>Pozivamo sve zainteresovane da svojim prisustvom podr\u017ee mlade atlete i u\u017eivaju u sportskom duhu na Vojnom stadionu.<\/p>\n\n\n\n<p><strong>Vidimo se na stadionu!<\/strong><\/p>\n","protected":false},"excerpt":{"rendered":"<p>Obave\u0161tavamo javnost i ljubitelje sporta da \u0107e se u utorak, 5. maja 2026. godine, na Vojnom stadionu u naselju Mala Amerika (Zrenjanin), odr\u017eati Op\u0161tinsko \u0161kolsko prvenstvo u atletici. O\u010dekuje se u\u010de\u0161\u0107e u\u010denika svih osnovnih i srednjih \u0161kola sa teritorije grada Zrenjanina, koji \u0107e se nadmetati u razli\u010ditim atletskim disciplinama. Za sve posetioce ulaz je besplatan. &hellip; <\/p>\n<p><a class=\"more-link btn\" href=\"https:\/\/sportskiobjekti.com\/?p=4719\">Continue reading<\/a><\/p>\n","protected":false},"author":4,"featured_media":4237,"comment_status":"closed","ping_status":"closed","sticky":false,"template":"","format":"standard","meta":{"ngg_post_thumbnail":0,"footnotes":""},"categories":[1],"tags":[],"class_list":["post-4719","post","type-post","status-publish","format-standard","has-post-thumbnail","hentry","category-uncategorized","item-wrap"],"_links":{"self":[{"href":"https:\/\/sportskiobjekti.com\/index.php?rest_route=\/wp\/v2\/posts\/4719","targetHints":{"allow":["GET"]}}],"collection":[{"href":"https:\/\/sportskiobjekti.com\/index.php?rest_route=\/wp\/v2\/posts"}],"about":[{"href":"https:\/\/sportskiobjekti.com\/index.php?rest_route=\/wp\/v2\/types\/post"}],"author":[{"embeddable":true,"href":"https:\/\/sportskiobjekti.com\/index.php?rest_route=\/wp\/v2\/users\/4"}],"replies":[{"embeddable":true,"href":"https:\/\/sportskiobjekti.com\/index.php?rest_route=%2Fwp%2Fv2%2Fcomments&post=4719"}],"version-history":[{"count":1,"href":"https:\/\/sportskiobjekti.com\/index.php?rest_route=\/wp\/v2\/posts\/4719\/revisions"}],"predecessor-version":[{"id":4720,"href":"https:\/\/sportskiobjekti.com\/index.php?rest_route=\/wp\/v2\/posts\/4719\/revisions\/4720"}],"wp:featuredmedia":[{"embeddable":true,"href":"https:\/\/sportskiobjekti.com\/index.php?rest_route=\/wp\/v2\/media\/4237"}],"wp:attachment":[{"href":"https:\/\/sportskiobjekti.com\/index.php?rest_route=%2Fwp%2Fv2%2Fmedia&parent=4719"}],"wp:term":[{"taxonomy":"category","embeddable":true,"href":"https:\/\/sportskiobjekti.com\/index.php?rest_route=%2Fwp%2Fv2%2Fcategories&post=4719"},{"taxonomy":"post_tag","embeddable":true,"href":"https:\/\/sportskiobjekti.com\/index.php?rest_route=%2Fwp%2Fv2%2Ftags&post=4719"}],"curies":[{"name":"wp","href":"https:\/\/api.w.org\/{rel}","templated":true}]}}