{"id":4340,"date":"2025-12-03T11:57:06","date_gmt":"2025-12-03T10:57:06","guid":{"rendered":"https:\/\/sportskiobjekti.com\/?p=4340"},"modified":"2025-12-03T11:57:07","modified_gmt":"2025-12-03T10:57:07","slug":"kristalna-dvorana-nikad-glamuroznija-stize-najveca-estradna-zvezda-ceca-raznatovic","status":"publish","type":"post","link":"https:\/\/sportskiobjekti.com\/?p=4340","title":{"rendered":"KRISTALNA DVORANA NIKAD GLAMUROZNIJA: STI\u017dE NAJVE\u0106A ESTRADNA ZVEZDA \u2013 CECA RA\u017dNATOVI\u0106!"},"content":{"rendered":"\n<p><strong>U petak, 5. decembra 2025. godine, sa po\u010detkom u 21 \u010das, Kristalna dvorana u Zrenjaninu bi\u0107e doma\u0107in jednog od naji\u0161\u010dekivanijih muzi\u010dkih doga\u0111aja u regionu \u2013 koncerta Svetlane Cece Ra\u017enatovi\u0107, najve\u0107e estradne zvezde na Balkanu. Organizator ovog spektakla je SPACELAND 023 DOO Zrenjanin, dok je doma\u0107in doga\u0111aja Javna ustanova \u201eSportski objekti\u201c, koja sa ponosom isti\u010de da se u njen prostor dovodi najve\u0107a estradna zvezda koja je ikada nastupala u Kristalnoj dvorani.<\/strong><\/p>\n\n\n\n<figure class=\"wp-block-image size-large\"><img loading=\"lazy\" decoding=\"async\" width=\"1024\" height=\"1024\" src=\"https:\/\/sportskiobjekti.com\/wp-content\/uploads\/2025\/12\/Ceca-najava-1024x1024.jpg\" alt=\"\" class=\"wp-image-4341\" srcset=\"https:\/\/sportskiobjekti.com\/wp-content\/uploads\/2025\/12\/Ceca-najava-1024x1024.jpg 1024w, https:\/\/sportskiobjekti.com\/wp-content\/uploads\/2025\/12\/Ceca-najava-300x300.jpg 300w, https:\/\/sportskiobjekti.com\/wp-content\/uploads\/2025\/12\/Ceca-najava-150x150.jpg 150w, https:\/\/sportskiobjekti.com\/wp-content\/uploads\/2025\/12\/Ceca-najava-768x768.jpg 768w, https:\/\/sportskiobjekti.com\/wp-content\/uploads\/2025\/12\/Ceca-najava-50x50.jpg 50w, https:\/\/sportskiobjekti.com\/wp-content\/uploads\/2025\/12\/Ceca-najava-400x400.jpg 400w, https:\/\/sportskiobjekti.com\/wp-content\/uploads\/2025\/12\/Ceca-najava-750x750.jpg 750w, https:\/\/sportskiobjekti.com\/wp-content\/uploads\/2025\/12\/Ceca-najava.jpg 1500w\" sizes=\"auto, (max-width: 1024px) 100vw, 1024px\" \/><\/figure>\n\n\n\n<p><\/p>\n\n\n\n<p>Ovaj koncert predstavlja veliki doga\u0111aj ne samo za na\u0161u ustanovu i grad Zrenjanin, ve\u0107 i za \u010ditav region, s obzirom na ogroman interes publike i impresivan nivo tehni\u010dke organizacije koji je potreban da bi ovakvo muzi\u010dko ve\u010de proteklo besprekorno. Vrata Kristalne dvorane bi\u0107e otvorena za posetioce od 18 \u010dasova, \u010dime \u0107e publici biti omogu\u0107eno dovoljno vremena za nesmetan ulazak i zauzimanje svojih mesta.<\/p>\n\n\n\n<p>Organizacija nastupa zapo\u010dela je pre vi\u0161e nedelja, a timovi na\u0161e ustanove u potpunosti su posve\u0107eni pripremama, kako bi svaki detalj bio uskla\u0111en sa najvi\u0161im standardima koje ovako veliki doga\u0111aj zahteva. Tehni\u010dka postavka, kao najosetljiviji deo priprema, zvani\u010dno po\u010dinje u sredu, neposredno nakon 23 \u010dasa, kada se zavr\u0161ava poslednji trening sportista na glavnom terenu Kristalne dvorane. Od tog trenutka pa sve do petka odvija\u0107e se intenzivni radovi: postavljanje specijalne podloge na terenu, monta\u017ea pozornice, osvetljenja i ozvu\u010denja, kao i priprema svih prate\u0107ih elemenata koji su neophodni za odr\u017eavanje koncerta ovakvog formata.<\/p>\n\n\n\n<p>Cilj je jasan \u2013 sve mora da izgleda besprekorno do petka uve\u010de. Zaposleni Javne ustanove \u201eSportski objekti\u201c uklju\u010di\u0107e se u organizaciju u punom kapacitetu, pru\u017eaju\u0107i maksimalnu logisti\u010dku i tehni\u010dku podr\u0161ku timu organizatora. Pripreme se odvijaju po unapred utvr\u0111enom planu, uz jasno definisane rokove i preciznu koordinaciju svih u\u010desnika.<\/p>\n\n\n\n<p>Nakon zavr\u0161etka koncerta, pred ekipama stoji jo\u0161 jedan zahtevni zadatak \u2013 brzo i efikasno uklanjanje kompletne opreme, kako bi se Kristalna dvorana ve\u0107 u subotu popodne vratila svom uobi\u010dajenom re\u017eimu funkcionisanja. Raspored sportskih aktivnosti i drugih doga\u0111aja ni u jednom trenutku ne\u0107e biti ugro\u017een, \u0161to govori o ozbiljnosti i profesionalnosti u pristupu organizaciji ovog spektakla.<\/p>\n\n\n\n<figure class=\"wp-block-image size-full is-resized\"><img loading=\"lazy\" decoding=\"async\" width=\"425\" height=\"706\" src=\"https:\/\/sportskiobjekti.com\/wp-content\/uploads\/2025\/12\/Ceca-plakat.png\" alt=\"\" class=\"wp-image-4342\" style=\"aspect-ratio:0.6019966530094062;width:840px;height:auto\" srcset=\"https:\/\/sportskiobjekti.com\/wp-content\/uploads\/2025\/12\/Ceca-plakat.png 425w, https:\/\/sportskiobjekti.com\/wp-content\/uploads\/2025\/12\/Ceca-plakat-181x300.png 181w, https:\/\/sportskiobjekti.com\/wp-content\/uploads\/2025\/12\/Ceca-plakat-301x500.png 301w\" sizes=\"auto, (max-width: 425px) 100vw, 425px\" \/><\/figure>\n\n\n\n<p><\/p>\n\n\n\n<p>Direktor Javne ustanove \u201eSportski objekti\u201c, Danijel \u0160ebez, povodom predstoje\u0107eg doga\u0111aja izjavio je:<\/p>\n\n\n\n<p>\u201eZaista smo ponosni i izuzetno zadovoljni \u0161to \u0107e najve\u0107a estradna zvezda na\u0161ih prostora, Ceca Ra\u017enatovi\u0107, nastupiti upravo u Kristalnoj dvorani. Ovo je doga\u0111aj koji prevazilazi okvire klasi\u010dnog koncerta i predstavlja trenutak u kome na\u0161 grad i na\u0161a dvorana dobijaju posebnu pa\u017enju regionalne javnosti. Zahvalni smo na\u0161em osniva\u010du, Gradu Zrenjaninu, \u0161to je prepoznao zna\u010daj ovog doga\u0111aja i pru\u017eio punu podr\u0161ku njegovoj realizaciji. Samo uz veliki trud na\u0161ih zaposlenih i uz podr\u0161ku gradona\u010delnika Sime Salapure bilo je mogu\u0107e ispo\u0161tovati sve standarde koje ovako ozbiljna organizacija zahteva. Uveren sam da \u0107emo 5. decembra biti doma\u0107ini spektakla koji \u0107e se jo\u0161 dugo pamtiti.\u201c<\/p>\n\n\n\n<p>Kristalna dvorana spremno ulazi u zavr\u0161nu fazu priprema, a o\u010dekivanja su velika \u2013 kako od strane organizatora, tako i od mnogobrojne publike koja sa nestrpljenjem i\u0161\u010dekuje nastup jedne od najpopularnijih muzi\u010dkih li\u010dnosti na Balkanu.<\/p>\n\n\n\n<p>Pozivamo sve posetioce da do\u0111u ranije, u\u017eivaju u ambijentu na\u0161e dvorane i budu deo nezaboravne muzi\u010dke ve\u010deri.<\/p>\n","protected":false},"excerpt":{"rendered":"<p>U petak, 5. decembra 2025. godine, sa po\u010detkom u 21 \u010das, Kristalna dvorana u Zrenjaninu bi\u0107e doma\u0107in jednog od naji\u0161\u010dekivanijih muzi\u010dkih doga\u0111aja u regionu \u2013 koncerta Svetlane Cece Ra\u017enatovi\u0107, najve\u0107e estradne zvezde na Balkanu. Organizator ovog spektakla je SPACELAND 023 DOO Zrenjanin, dok je doma\u0107in doga\u0111aja Javna ustanova \u201eSportski objekti\u201c, koja sa ponosom isti\u010de da &hellip; <\/p>\n<p><a class=\"more-link btn\" href=\"https:\/\/sportskiobjekti.com\/?p=4340\">Continue reading<\/a><\/p>\n","protected":false},"author":4,"featured_media":0,"comment_status":"closed","ping_status":"closed","sticky":false,"template":"","format":"standard","meta":{"ngg_post_thumbnail":0,"footnotes":""},"categories":[1],"tags":[],"class_list":["post-4340","post","type-post","status-publish","format-standard","hentry","category-uncategorized","item-wrap"],"_links":{"self":[{"href":"https:\/\/sportskiobjekti.com\/index.php?rest_route=\/wp\/v2\/posts\/4340","targetHints":{"allow":["GET"]}}],"collection":[{"href":"https:\/\/sportskiobjekti.com\/index.php?rest_route=\/wp\/v2\/posts"}],"about":[{"href":"https:\/\/sportskiobjekti.com\/index.php?rest_route=\/wp\/v2\/types\/post"}],"author":[{"embeddable":true,"href":"https:\/\/sportskiobjekti.com\/index.php?rest_route=\/wp\/v2\/users\/4"}],"replies":[{"embeddable":true,"href":"https:\/\/sportskiobjekti.com\/index.php?rest_route=%2Fwp%2Fv2%2Fcomments&post=4340"}],"version-history":[{"count":1,"href":"https:\/\/sportskiobjekti.com\/index.php?rest_route=\/wp\/v2\/posts\/4340\/revisions"}],"predecessor-version":[{"id":4343,"href":"https:\/\/sportskiobjekti.com\/index.php?rest_route=\/wp\/v2\/posts\/4340\/revisions\/4343"}],"wp:attachment":[{"href":"https:\/\/sportskiobjekti.com\/index.php?rest_route=%2Fwp%2Fv2%2Fmedia&parent=4340"}],"wp:term":[{"taxonomy":"category","embeddable":true,"href":"https:\/\/sportskiobjekti.com\/index.php?rest_route=%2Fwp%2Fv2%2Fcategories&post=4340"},{"taxonomy":"post_tag","embeddable":true,"href":"https:\/\/sportskiobjekti.com\/index.php?rest_route=%2Fwp%2Fv2%2Ftags&post=4340"}],"curies":[{"name":"wp","href":"https:\/\/api.w.org\/{rel}","templated":true}]}}