{"id":2738,"date":"2023-04-18T05:49:30","date_gmt":"2023-04-18T03:49:30","guid":{"rendered":"https:\/\/sportskiobjekti.com\/?p=2738"},"modified":"2023-04-18T05:51:02","modified_gmt":"2023-04-18T03:51:02","slug":"gradonacelnik-posetio-rvacke-reprezentativce-na-pripremama-pred-evropsko-prvenstvo","status":"publish","type":"post","link":"https:\/\/sportskiobjekti.com\/?p=2738","title":{"rendered":"Gradona\u010delnik posetio rva\u010dke reprezentativce na pripremama pred Evropsko prvenstvo"},"content":{"rendered":"\n<figure class=\"wp-block-image size-large\"><img loading=\"lazy\" decoding=\"async\" width=\"1024\" height=\"684\" src=\"https:\/\/sportskiobjekti.com\/wp-content\/uploads\/2023\/04\/POSETA-RVACKOJ-REPREZENTACIJI-2023-010-1-1024x684.jpg\" alt=\"\" class=\"wp-image-2742\" srcset=\"https:\/\/sportskiobjekti.com\/wp-content\/uploads\/2023\/04\/POSETA-RVACKOJ-REPREZENTACIJI-2023-010-1-1024x684.jpg 1024w, https:\/\/sportskiobjekti.com\/wp-content\/uploads\/2023\/04\/POSETA-RVACKOJ-REPREZENTACIJI-2023-010-1-300x200.jpg 300w, https:\/\/sportskiobjekti.com\/wp-content\/uploads\/2023\/04\/POSETA-RVACKOJ-REPREZENTACIJI-2023-010-1-768x513.jpg 768w, https:\/\/sportskiobjekti.com\/wp-content\/uploads\/2023\/04\/POSETA-RVACKOJ-REPREZENTACIJI-2023-010-1-400x267.jpg 400w, https:\/\/sportskiobjekti.com\/wp-content\/uploads\/2023\/04\/POSETA-RVACKOJ-REPREZENTACIJI-2023-010-1-1536x1026.jpg 1536w, https:\/\/sportskiobjekti.com\/wp-content\/uploads\/2023\/04\/POSETA-RVACKOJ-REPREZENTACIJI-2023-010-1-2048x1368.jpg 2048w, https:\/\/sportskiobjekti.com\/wp-content\/uploads\/2023\/04\/POSETA-RVACKOJ-REPREZENTACIJI-2023-010-1-750x501.jpg 750w\" sizes=\"auto, (max-width: 1024px) 100vw, 1024px\" \/><\/figure>\n\n\n\n<p>Kada je, uo\u010di Svetskog \u0161ampionata u rvanju, septembra pro\u0161le godine, gradona\u010delnik Zrenjanina\u00a0<strong>Simo Salapura<\/strong>\u00a0posetio na\u0161e reprezentativce tokom priprema u Zrenjaninu, niko nije mogao pretpostaviti da su se na strunja\u010dama u Domu borila\u010dkih sportova &#8220;kovale&#8221; \u010detiri zlatne medalje. Ovaj nezapam\u0107en uspeh u ina\u010de trofejnom rva\u010dkom sportu jo\u0161 jednom je potvrdio da u Zrenjaninu postoje optimalni uslovi za pripreme i da Rva\u010dki klub &#8220;Proleter&#8221;, u saradnji s Gradom Zrenjaninom i JU Sportski objekti na ;elu sa direktorom Danijelom \u0160ebezom, mo\u017ee reprezentativcima da obezbedi sve \u0161to je neophodno da na najve\u0107a evropska i svetska takmi\u010denja odu potpuno spremni.\u00a0<\/p>\n\n\n\n<figure class=\"wp-block-image size-large is-resized\"><img loading=\"lazy\" decoding=\"async\" src=\"https:\/\/sportskiobjekti.com\/wp-content\/uploads\/2023\/04\/POSETA-RVACKOJ-REPREZENTACIJI-2023-012-1024x684.jpg\" alt=\"\" class=\"wp-image-2743\" width=\"840\" height=\"561\" srcset=\"https:\/\/sportskiobjekti.com\/wp-content\/uploads\/2023\/04\/POSETA-RVACKOJ-REPREZENTACIJI-2023-012-1024x684.jpg 1024w, https:\/\/sportskiobjekti.com\/wp-content\/uploads\/2023\/04\/POSETA-RVACKOJ-REPREZENTACIJI-2023-012-300x200.jpg 300w, https:\/\/sportskiobjekti.com\/wp-content\/uploads\/2023\/04\/POSETA-RVACKOJ-REPREZENTACIJI-2023-012-768x513.jpg 768w, https:\/\/sportskiobjekti.com\/wp-content\/uploads\/2023\/04\/POSETA-RVACKOJ-REPREZENTACIJI-2023-012-400x267.jpg 400w, https:\/\/sportskiobjekti.com\/wp-content\/uploads\/2023\/04\/POSETA-RVACKOJ-REPREZENTACIJI-2023-012-1536x1026.jpg 1536w, https:\/\/sportskiobjekti.com\/wp-content\/uploads\/2023\/04\/POSETA-RVACKOJ-REPREZENTACIJI-2023-012-2048x1368.jpg 2048w, https:\/\/sportskiobjekti.com\/wp-content\/uploads\/2023\/04\/POSETA-RVACKOJ-REPREZENTACIJI-2023-012-750x501.jpg 750w\" sizes=\"auto, (max-width: 840px) 100vw, 840px\" \/><\/figure>\n\n\n\n<p>Sada su rva\u010di Srbije ponovo zavr\u0161ne pripreme obavili u Zrenjaninu i u sredu ih o\u010dekuje put za Zagreb, gde \u0107e u\u010destvovati na Evropskom seniorskom prvenstvu u gr\u010dko-rimskom stilu, koje traje do 23. aprila. Me\u0111u devet reprezentativaca, \u010detvorica dolaze upravo iz &#8220;Proletera&#8221; &#8211;&nbsp;<strong>Viktor Neme\u0161, Boris Petru\u0161i\u0107, Mihail Kad\u017eaja<\/strong>&nbsp;i novi \u010dlan kluba,&nbsp;<strong>Georgi Tibilov<\/strong>, a uz njih je i \u010dlan stru\u010dnog \u0161taba, trener&nbsp;<strong>Vojislav Trajkovi\u0107<\/strong>.<\/p>\n\n\n\n<p>Srpsku rva\u010dku ekspediciju posetio je danas gradona\u010delnik Zrenjanina, s istim \u017eeljama i o\u010dekivanjima kao pred Svetsko prvenstvo u Beogradu. Po\u017eeleo je na\u0161im reprezentativcima uspeh na prvenstvu Evrope i podsetio da su \u010detiri svetska zlata &#8220;iskovana&#8221; u na\u0161em gradu, mati\u010dnoj ku\u0107i rva\u010da &#8220;Proletera&#8221;. Zajedno s gradona\u010delnikom, u poseti su bili i generalna sekkretarka Sportskog saveza grada&nbsp;<strong>Vukosava \u0110api\u0107 Atanackovi\u0107<\/strong>&nbsp;i direktor &#8220;Sportskih objekata&#8221;&nbsp;<strong>Danijel \u0160ebez<\/strong>. Ovoga puta svi prisutni slo\u017eili su se u jednom, kada je u pitanju kontinentalni \u0161ampionat: &#8220;Neka se u Zagrebu ponovi Beograd&#8221;.<\/p>\n\n\n\n<figure class=\"wp-block-image size-large is-resized\"><img loading=\"lazy\" decoding=\"async\" src=\"https:\/\/sportskiobjekti.com\/wp-content\/uploads\/2023\/04\/POSETA-RVACKOJ-REPREZENTACIJI-2023-007-1024x684.jpg\" alt=\"\" class=\"wp-image-2745\" width=\"840\" height=\"561\" srcset=\"https:\/\/sportskiobjekti.com\/wp-content\/uploads\/2023\/04\/POSETA-RVACKOJ-REPREZENTACIJI-2023-007-1024x684.jpg 1024w, https:\/\/sportskiobjekti.com\/wp-content\/uploads\/2023\/04\/POSETA-RVACKOJ-REPREZENTACIJI-2023-007-300x200.jpg 300w, https:\/\/sportskiobjekti.com\/wp-content\/uploads\/2023\/04\/POSETA-RVACKOJ-REPREZENTACIJI-2023-007-768x513.jpg 768w, https:\/\/sportskiobjekti.com\/wp-content\/uploads\/2023\/04\/POSETA-RVACKOJ-REPREZENTACIJI-2023-007-400x267.jpg 400w, https:\/\/sportskiobjekti.com\/wp-content\/uploads\/2023\/04\/POSETA-RVACKOJ-REPREZENTACIJI-2023-007-1536x1026.jpg 1536w, https:\/\/sportskiobjekti.com\/wp-content\/uploads\/2023\/04\/POSETA-RVACKOJ-REPREZENTACIJI-2023-007-2048x1368.jpg 2048w, https:\/\/sportskiobjekti.com\/wp-content\/uploads\/2023\/04\/POSETA-RVACKOJ-REPREZENTACIJI-2023-007-750x501.jpg 750w\" sizes=\"auto, (max-width: 840px) 100vw, 840px\" \/><\/figure>\n\n\n\n<p>Gradona\u010delnik Salapura isti\u010de podr\u0161ku Grada Zrenjanina i saradnju ne samo sa nacionalnim rva\u010dkim savezom, na \u010dijem je \u010delu Zrenjaninac&nbsp;<strong>\u017deljko Trajkovi\u0107<\/strong>, ve\u0107 i sa svetskom asocijacijom, koju predvodi na\u0161 sunarodnik&nbsp;<strong>Nenad Lalovi\u0107<\/strong>.<br>&#8220;Rvanje je najtrofejniji sport u na\u0161em gradu, &#8220;Proleter&#8221; je klub sa najvi\u0161e osvojenih titula dr\u017eavnog prvaka i sve to, uz dugu tradiciju, odli\u010dnu organizaciju kluba i interesovanje za treninge, koji su, ina\u010de, besplatni za svakog, garantuje da \u0107e Zrenjanin i dalje ostati rva\u010dki centar Srbije i pravo mesto za okupljanje na\u0161ih najboljih rva\u010da pred sva najve\u0107a takmi\u010denja&#8221;, rekao je ovim povodom gradona\u010delnik Zrenjanina.&nbsp;<\/p>\n\n\n\n<figure class=\"wp-block-image size-large\"><img loading=\"lazy\" decoding=\"async\" width=\"1024\" height=\"684\" src=\"https:\/\/sportskiobjekti.com\/wp-content\/uploads\/2023\/04\/POSETA-RVACKOJ-REPREZENTACIJI-2023-003-1024x684.jpg\" alt=\"\" class=\"wp-image-2747\" srcset=\"https:\/\/sportskiobjekti.com\/wp-content\/uploads\/2023\/04\/POSETA-RVACKOJ-REPREZENTACIJI-2023-003-1024x684.jpg 1024w, https:\/\/sportskiobjekti.com\/wp-content\/uploads\/2023\/04\/POSETA-RVACKOJ-REPREZENTACIJI-2023-003-300x200.jpg 300w, https:\/\/sportskiobjekti.com\/wp-content\/uploads\/2023\/04\/POSETA-RVACKOJ-REPREZENTACIJI-2023-003-768x513.jpg 768w, https:\/\/sportskiobjekti.com\/wp-content\/uploads\/2023\/04\/POSETA-RVACKOJ-REPREZENTACIJI-2023-003-400x267.jpg 400w, https:\/\/sportskiobjekti.com\/wp-content\/uploads\/2023\/04\/POSETA-RVACKOJ-REPREZENTACIJI-2023-003-1536x1026.jpg 1536w, https:\/\/sportskiobjekti.com\/wp-content\/uploads\/2023\/04\/POSETA-RVACKOJ-REPREZENTACIJI-2023-003-2048x1368.jpg 2048w, https:\/\/sportskiobjekti.com\/wp-content\/uploads\/2023\/04\/POSETA-RVACKOJ-REPREZENTACIJI-2023-003-750x501.jpg 750w\" sizes=\"auto, (max-width: 1024px) 100vw, 1024px\" \/><\/figure>\n\n\n\n<figure class=\"wp-block-image size-full\"><img loading=\"lazy\" decoding=\"async\" width=\"955\" height=\"471\" src=\"https:\/\/sportskiobjekti.com\/wp-content\/uploads\/2023\/04\/rvanje.jpg\" alt=\"\" class=\"wp-image-2749\" srcset=\"https:\/\/sportskiobjekti.com\/wp-content\/uploads\/2023\/04\/rvanje.jpg 955w, https:\/\/sportskiobjekti.com\/wp-content\/uploads\/2023\/04\/rvanje-300x148.jpg 300w, https:\/\/sportskiobjekti.com\/wp-content\/uploads\/2023\/04\/rvanje-768x379.jpg 768w, https:\/\/sportskiobjekti.com\/wp-content\/uploads\/2023\/04\/rvanje-400x197.jpg 400w, https:\/\/sportskiobjekti.com\/wp-content\/uploads\/2023\/04\/rvanje-750x370.jpg 750w\" sizes=\"auto, (max-width: 955px) 100vw, 955px\" \/><\/figure>\n\n\n\n<figure class=\"wp-block-image size-large\"><img loading=\"lazy\" decoding=\"async\" width=\"714\" height=\"1024\" src=\"https:\/\/sportskiobjekti.com\/wp-content\/uploads\/2023\/04\/rvanje-poseta-gradonacelnika-714x1024.jpg\" alt=\"\" class=\"wp-image-2750\" srcset=\"https:\/\/sportskiobjekti.com\/wp-content\/uploads\/2023\/04\/rvanje-poseta-gradonacelnika-714x1024.jpg 714w, https:\/\/sportskiobjekti.com\/wp-content\/uploads\/2023\/04\/rvanje-poseta-gradonacelnika-209x300.jpg 209w, https:\/\/sportskiobjekti.com\/wp-content\/uploads\/2023\/04\/rvanje-poseta-gradonacelnika-768x1102.jpg 768w, https:\/\/sportskiobjekti.com\/wp-content\/uploads\/2023\/04\/rvanje-poseta-gradonacelnika-348x500.jpg 348w, https:\/\/sportskiobjekti.com\/wp-content\/uploads\/2023\/04\/rvanje-poseta-gradonacelnika-1070x1536.jpg 1070w, https:\/\/sportskiobjekti.com\/wp-content\/uploads\/2023\/04\/rvanje-poseta-gradonacelnika-750x1076.jpg 750w, https:\/\/sportskiobjekti.com\/wp-content\/uploads\/2023\/04\/rvanje-poseta-gradonacelnika.jpg 1115w\" sizes=\"auto, (max-width: 714px) 100vw, 714px\" \/><\/figure>\n","protected":false},"excerpt":{"rendered":"<p>Kada je, uo\u010di Svetskog \u0161ampionata u rvanju, septembra pro\u0161le godine, gradona\u010delnik Zrenjanina\u00a0Simo Salapura\u00a0posetio na\u0161e reprezentativce tokom priprema u Zrenjaninu, niko nije mogao pretpostaviti da su se na strunja\u010dama u Domu borila\u010dkih sportova &#8220;kovale&#8221; \u010detiri zlatne medalje. Ovaj nezapam\u0107en uspeh u ina\u010de trofejnom rva\u010dkom sportu jo\u0161 jednom je potvrdio da u Zrenjaninu postoje optimalni uslovi za &hellip; <\/p>\n<p><a class=\"more-link btn\" href=\"https:\/\/sportskiobjekti.com\/?p=2738\">Continue reading<\/a><\/p>\n","protected":false},"author":2,"featured_media":0,"comment_status":"closed","ping_status":"closed","sticky":false,"template":"","format":"standard","meta":{"ngg_post_thumbnail":0,"footnotes":""},"categories":[1],"tags":[],"class_list":["post-2738","post","type-post","status-publish","format-standard","hentry","category-uncategorized","item-wrap"],"_links":{"self":[{"href":"https:\/\/sportskiobjekti.com\/index.php?rest_route=\/wp\/v2\/posts\/2738","targetHints":{"allow":["GET"]}}],"collection":[{"href":"https:\/\/sportskiobjekti.com\/index.php?rest_route=\/wp\/v2\/posts"}],"about":[{"href":"https:\/\/sportskiobjekti.com\/index.php?rest_route=\/wp\/v2\/types\/post"}],"author":[{"embeddable":true,"href":"https:\/\/sportskiobjekti.com\/index.php?rest_route=\/wp\/v2\/users\/2"}],"replies":[{"embeddable":true,"href":"https:\/\/sportskiobjekti.com\/index.php?rest_route=%2Fwp%2Fv2%2Fcomments&post=2738"}],"version-history":[{"count":7,"href":"https:\/\/sportskiobjekti.com\/index.php?rest_route=\/wp\/v2\/posts\/2738\/revisions"}],"predecessor-version":[{"id":2753,"href":"https:\/\/sportskiobjekti.com\/index.php?rest_route=\/wp\/v2\/posts\/2738\/revisions\/2753"}],"wp:attachment":[{"href":"https:\/\/sportskiobjekti.com\/index.php?rest_route=%2Fwp%2Fv2%2Fmedia&parent=2738"}],"wp:term":[{"taxonomy":"category","embeddable":true,"href":"https:\/\/sportskiobjekti.com\/index.php?rest_route=%2Fwp%2Fv2%2Fcategories&post=2738"},{"taxonomy":"post_tag","embeddable":true,"href":"https:\/\/sportskiobjekti.com\/index.php?rest_route=%2Fwp%2Fv2%2Ftags&post=2738"}],"curies":[{"name":"wp","href":"https:\/\/api.w.org\/{rel}","templated":true}]}}