{"id":1342,"date":"2016-10-26T17:21:53","date_gmt":"2016-10-26T15:21:53","guid":{"rendered":"http:\/\/sportskiobjekti.com\/?p=1342"},"modified":"2016-10-26T17:21:53","modified_gmt":"2016-10-26T15:21:53","slug":"pocela-rekonstrukcija-medisona","status":"publish","type":"post","link":"https:\/\/sportskiobjekti.com\/?p=1342","title":{"rendered":"Po\u010dela rekonstrukcija &#8220;Medisona&#8221;"},"content":{"rendered":"<p><img loading=\"lazy\" decoding=\"async\" class=\"alignleft size-medium wp-image-1340\" src=\"http:\/\/media.sportskiobjekti.com\/2016\/10\/medison26102016-300x225.jpg\" alt=\"medison26102016\" width=\"300\" height=\"225\" srcset=\"https:\/\/sportskiobjekti.com\/wp-content\/uploads\/2016\/10\/medison26102016-300x225.jpg 300w, https:\/\/sportskiobjekti.com\/wp-content\/uploads\/2016\/10\/medison26102016-400x300.jpg 400w, https:\/\/sportskiobjekti.com\/wp-content\/uploads\/2016\/10\/medison26102016.jpg 480w\" sizes=\"auto, (max-width: 300px) 100vw, 300px\" \/>Sportska hala \u201cMedison\u201d u Zrenjaninu pretvara se u multifunkcionalni, sportski i sajamski prostor, a obimni radovi na rekonstrukciji zvani\u010dno su po\u010deli danas.<\/p>\n<p>Projekat vredan ukupno 447.966 evra finansira se u okviru IPA programa prekograni\u010dne saradnje Rumunija-Srbija, a rok za njegovu realizaciju je dva meseca. Nosilac projekta je Grad Zrenjanin, a rumunski partner Privredna komora industrije i poljoprivrede u Temi\u0161varu. Evropska unija u finansiranju u\u010destvuje iznosom od 387.071 evra, od \u010dega \u0107e 210.000 evra biti iskori\u0161teno za samu rekonstrukciju.<\/p>\n<p>Projekat rekonstrukcije \u201cMedisona\u201d predstavili su projektni menad\u017eer \u017deljko Kevre\u0161an i gradona\u010delnik Zrenjanina \u010cedomir Janji\u0107 koji je, zajedno sa zamenikom Sa\u0161om Santovcem i pomo\u0107nikom Draganom \u0106apinom, narodnim poslanikom Mirkom Krli\u0107em, kao i direktorom JP \u201cSportski objekti\u201d, Bojanom Mijatovim i pomo\u0107nikom direktora, Milanom Piperskim, prisustvovao po\u010detku radova i upoznao se sa njihovom dinamikom.<\/p>\n<p>Hala sportova \u201cMedison\u201d izgra\u0111ena je 1962. godine i najstariji je namenski sportski objekat izgra\u0111en na teritoriji Srbije. Tokom tog perioda, du\u017eeg od pola veka, u njoj je organizovan \u010ditav niz velikih sportskih doga\u0111aja, \u010desto me\u0111unarodnog karaktera, koncerata na kojima su nastupali i eminentni strani izvo\u0111a\u010di, priredbi sajamskog karaktera i drugih manifestacija, a potreba za temeljnom rekonstrukcijom ukazala se kako zbog dotrajalosti objekta, tako i zbog prilago\u0111avanja druga\u010dijim sadr\u017eajima i nameni u predstoje\u0107em periodu.<\/p>\n<p>Radovi su po\u010deli uklanjanjem konstrukcija tribina i parketa na podu objekta, koji \u0107e biti potpuno ispra\u017enjen pre naredne faze radova. Sledi kompletno sre\u0111ivanje i pro\u0161irenje parketa, s adaptacijom u tri sportska terena i mogu\u0107nosti da halu istovremeno koriste tri sportske ekipe, modernizacija i adaptacija sanitarnih prostorija, uz ostvarivanje potpune pristupa\u010dnosti za sve osobe, kao i rekonstrukcija elektroinstalacija. Po zavr\u0161etku rekonstrukcije objekta, on \u0107e biti opremljen odgovaraju\u0107im mobilijarom za odr\u017eavanje sajmova i teleskopskim tribinama, za organizovanje sportskih doga\u0111aja.<\/p>\n<p><img loading=\"lazy\" decoding=\"async\" class=\"alignleft size-medium wp-image-1341\" src=\"http:\/\/media.sportskiobjekti.com\/2016\/10\/medison26102016_1-300x225.jpg\" alt=\"medison26102016_1\" width=\"300\" height=\"225\" srcset=\"https:\/\/sportskiobjekti.com\/wp-content\/uploads\/2016\/10\/medison26102016_1-300x225.jpg 300w, https:\/\/sportskiobjekti.com\/wp-content\/uploads\/2016\/10\/medison26102016_1-400x300.jpg 400w, https:\/\/sportskiobjekti.com\/wp-content\/uploads\/2016\/10\/medison26102016_1.jpg 480w\" sizes=\"auto, (max-width: 300px) 100vw, 300px\" \/>Kako je objasnio projektni menad\u017eer \u017deljko Kevre\u0161an, Grad Zrenjanin \u017eeli da ovim projektom uspostavi sinergiju preduzetni\u0161tva i sporta, s obzirom da Banat nema zvani\u010dan objekat dizajniran za organizaciju sajmova i izlo\u017ebi, koji mo\u017ee da malim i srednjim preduze\u0107ima pomogne da pobolj\u0161aju svoju konkurentnost na tr\u017ei\u0161tu.<br \/>\n&#8211; Ovim \u017eelimo trajno da re\u0161imo prostor za organizovanje sajmova, kroz novu kategorizaciju \u201cMedisona\u201d kao multifunkcionalnog objekta. Ciljevi projekta su pobo\u0161ljanje konkurentnosti Banata, kao lidera ekonomskog razvoja, unapre\u0111enje regionalne privredne strukture kroz stvaranje regionalnog sajamskog objekta i unapre\u0111enje uslova za sportske aktivnosti u hali &#8211; kazao je Kevre\u0161an i dodao da hala \u201cMedison\u201d treba da pru\u017ei uslove za nove generacije zrenjaninskih sportista.<br \/>\n&#8211; Realizacijom projekta Zrenjanin \u0107e dobiti rekonstruisan i opremljen objekat za organizovanje regionalnih sajmova, poslovnih doga\u0111aja i sportskih aktivnosti, \u0161to \u0107e doprineti i afirmaciji privrede grada Zrenjanina &#8211; zaklju\u010dio je Kevre\u0161an.<\/p>\n<p>Gradona\u010delnik Zrenjanina \u010cedomir Janji\u0107 jo\u0161 jednom je podsetio na zna\u010dajna ulaganja koja grad \u010dini u oblasti razvoja sporta i sportske infrastrukture.<br \/>\n&#8211; Zavr\u0161avamo nekoliko sportskih sala u naseljenim mestima, ali je ovo, za sada, najve\u0107i projekat koji radimo. Nema Zrenjaninca koji nije bio ovde, na nekom sportskom doga\u0111aju, koncertu, sajmu, u prethodnih 55 godina, a posle ovih radova ova hala \u0107e izgledati potpuno druga\u010dije i bolje nego do sada. Ima\u0107emo \u0161ansu da organizujemo mnogo kvalitetnih takmi\u010denja, zajedno sa \u201cKristalnom dvoranom\u201d, a i sama manifestacija \u201cInokop\u201d, ili neki drugi sajmovi ovde, sigurno \u0107e druga\u010dije izgledati. Ovo je dobar recept kako treba da re\u0161avamo i neke druge probleme u na\u0161em gradu &#8211; rekao je gradona\u010delnik i uputio \u010destitke projektnom timu i svima koji su uspeli da plasiraju ovaj projekat, koji je zavredeo pa\u017enju i ljudi iz evropskih fondova.<\/p>\n<p>&#8211; Radovi \u0107e se odvijati u \u010detiri faze. Prva faza je pripremni deo, odnosno demonta\u017ea svega \u0161to se nalazi unutra. Druga faza je podizanje postoje\u0107eg kvadrata, koji \u0107e biti iskori\u0161ten za ponovno postavljanje. U pitanju je 1.200 kvadrata parketa. Posle toga ide postavljanje ko\u0161uljice, hidroizolacija, onda se postavlja parket. Zavr\u0161ni deo su stolarski radovi, koji se odnose na svla\u010dionice i mokri \u010dvor. Ima mnogo posla, ali verujte mi, kada se sve zavr\u0161i izgleda\u0107e prelepo &#8211; istakao je Bojan Mijatov.<\/p>\n<p>Zna\u010dajno je pomenuti i da su u aktvnosti na rekonstrukciji hale sportova uklju\u010dena zrenjaninska preduze\u0107a: projekat rekonstrukcije realizovao je \u201cSM-In\u017eenjering\u201d, a radove izvodi preduze\u0107e \u201cMV Invest\u201d.<\/p>\n","protected":false},"excerpt":{"rendered":"<p>Sportska hala \u201cMedison\u201d u Zrenjaninu pretvara se u multifunkcionalni, sportski i sajamski prostor, a obimni radovi na rekonstrukciji zvani\u010dno su po\u010deli danas. Projekat vredan ukupno 447.966 evra finansira se u okviru IPA programa prekograni\u010dne saradnje Rumunija-Srbija, a rok za njegovu realizaciju je dva meseca. Nosilac projekta je Grad Zrenjanin, a rumunski partner Privredna komora industrije &hellip; <\/p>\n<p><a class=\"more-link btn\" href=\"https:\/\/sportskiobjekti.com\/?p=1342\">Continue reading<\/a><\/p>\n","protected":false},"author":1,"featured_media":0,"comment_status":"closed","ping_status":"closed","sticky":false,"template":"","format":"standard","meta":{"ngg_post_thumbnail":0,"footnotes":""},"categories":[1],"tags":[],"class_list":["post-1342","post","type-post","status-publish","format-standard","hentry","category-uncategorized","item-wrap"],"_links":{"self":[{"href":"https:\/\/sportskiobjekti.com\/index.php?rest_route=\/wp\/v2\/posts\/1342","targetHints":{"allow":["GET"]}}],"collection":[{"href":"https:\/\/sportskiobjekti.com\/index.php?rest_route=\/wp\/v2\/posts"}],"about":[{"href":"https:\/\/sportskiobjekti.com\/index.php?rest_route=\/wp\/v2\/types\/post"}],"author":[{"embeddable":true,"href":"https:\/\/sportskiobjekti.com\/index.php?rest_route=\/wp\/v2\/users\/1"}],"replies":[{"embeddable":true,"href":"https:\/\/sportskiobjekti.com\/index.php?rest_route=%2Fwp%2Fv2%2Fcomments&post=1342"}],"version-history":[{"count":1,"href":"https:\/\/sportskiobjekti.com\/index.php?rest_route=\/wp\/v2\/posts\/1342\/revisions"}],"predecessor-version":[{"id":1343,"href":"https:\/\/sportskiobjekti.com\/index.php?rest_route=\/wp\/v2\/posts\/1342\/revisions\/1343"}],"wp:attachment":[{"href":"https:\/\/sportskiobjekti.com\/index.php?rest_route=%2Fwp%2Fv2%2Fmedia&parent=1342"}],"wp:term":[{"taxonomy":"category","embeddable":true,"href":"https:\/\/sportskiobjekti.com\/index.php?rest_route=%2Fwp%2Fv2%2Fcategories&post=1342"},{"taxonomy":"post_tag","embeddable":true,"href":"https:\/\/sportskiobjekti.com\/index.php?rest_route=%2Fwp%2Fv2%2Ftags&post=1342"}],"curies":[{"name":"wp","href":"https:\/\/api.w.org\/{rel}","templated":true}]}}