{"id":1306,"date":"2016-04-16T10:00:45","date_gmt":"2016-04-16T08:00:45","guid":{"rendered":"http:\/\/sportskiobjekti.com\/?p=1306"},"modified":"2016-04-19T08:42:54","modified_gmt":"2016-04-19T06:42:54","slug":"olimpijski-kvalifikacioni-turnir","status":"publish","type":"post","link":"https:\/\/sportskiobjekti.com\/?p=1306","title":{"rendered":"Olimpijski kvalifikacioni turnir"},"content":{"rendered":"<p><img loading=\"lazy\" decoding=\"async\" class=\"alignleft size-medium wp-image-1310\" src=\"http:\/\/media.sportskiobjekti.com\/2016\/04\/EOQ2016_02-300x200.jpg\" alt=\"EOQ2016_02\" width=\"300\" height=\"200\" srcset=\"https:\/\/sportskiobjekti.com\/wp-content\/uploads\/2016\/04\/EOQ2016_02-300x200.jpg 300w, https:\/\/sportskiobjekti.com\/wp-content\/uploads\/2016\/04\/EOQ2016_02-768x512.jpg 768w, https:\/\/sportskiobjekti.com\/wp-content\/uploads\/2016\/04\/EOQ2016_02.jpg 1024w, https:\/\/sportskiobjekti.com\/wp-content\/uploads\/2016\/04\/EOQ2016_02-400x267.jpg 400w\" sizes=\"auto, (max-width: 300px) 100vw, 300px\" \/>Vi\u0161e od 500 takmi\u010darki i takmi\u010dara u gr\u010dko-rimskom i slobodnom stilu iz 38 evropskih zemalja nadme\u0107e se u &#8220;Kristalnoj dvorani&#8221; za plasman u finale u svojim kategorijama, odnosno za prva dva mesta koje im obezbe\u0111uju u\u010de\u0161\u0107e na najve\u0107oj sportskoj planetarnoj smotri.<br \/>\nTakmi\u010denje, koje traje do nedelje, 17. aprila, sve\u010dano su sino\u0107 otvorili predsednik Svetske rva\u010dke federacije Nenad Lalovi\u0107, predsednik Rva\u010dkog saveza Srbije \u017deljko Trajkovi\u0107 i gradona\u010delnik Zrenjanina \u010cedomir Janji\u0107, koji je rekao da \u0107e na\u0161 grad, tokom ova tri dana turnira, biti deo velikog olimpijskog pokreta i centar evropskog rvanja.<\/p>\n<p>-To je velika \u010dast za na\u0161 grad i jo\u0161 jednom dokazujemo da smo spremni da organizujemo i ovako velika takmi\u010denja. Zrenjanin nam je pun gostiju iz inostranstva, najboljih rva\u010da Evrope, a ja se nadam i da \u0107e i ostali na\u0161i takmi\u010dari, reprezentativci Srbije, kao \u0161to je to danas ve\u0107 uspeo Kristijan Fris, obezbediti vizu za Rio, a posebno mi je drago \u0161to je to po\u0161lo za rukom ba\u0161 na\u0161em sugra\u0111aninu \u2013 istakao je Janji\u0107 i dodao da ovaj turnir nastavlja kontinuitet velikih sportskih de\u0161avanja u na\u0161em gradu.<br \/>\n&#8211; Kao i pro\u0161le godine, tokom prva tri meseca i sada u \u010detvrtom u ovoj godini, gotovo iz nedelje u nedelju, imamo velika takmi\u010denja na nacionalnom, regionalnom ili evropskom, a mogu slobodno da ka\u017eem da je ovo rva\u010dko takmi\u010denje organizovano i na svetskom nivou \u2013 ocenio je gradona\u010delnik ono \u0161to se moglo videti u &#8220;Kristalnoj dvorani&#8221; tokom prvog takmi\u010darskog dana, kao i prilikom ceremonije sve\u010danog otvaranja kojoj su poseban pe\u010dat dali mladi rva\u010di beogradskog &#8220;Partizana&#8221;, pripremiv\u0161i poseban program i atraktivan sportsko-umetni\u010dki nastup.<br \/>\nRadosne vesti stigle su, dakle, ve\u0107 prvog dana takmi\u010denja u Zrenjaninu, jer je reprezentativac Srbije u gr\u010dko-rimskom stilu i kapiten zrenjaninskog rva\u010dkog kluba &#8220;Proleter&#8221; Kristijan Fris zabele\u017eio tri pobede u kategoriji do 59 kilograma, plasirao se u finale i tako postao drugi na\u0161 rva\u010d koji putuje za Rio, pored Davora \u0160tefaneka koji je ve\u0107 ranije obezbedio vizu za Brazil.<br \/>\nDanas,u subotu, na strunja\u010di u &#8220;Kristalnoj dvorani&#8221; nastupi\u0107e drugi na\u0161 sugra\u0111anin, Viktor Neme\u0161 (do 75 kg) i Nikolaj Dobrev (do 85 kg), a u nedelju Nemanja Pavlovi\u0107 (do 130 kg).<br \/>\nKristijan Fris ujedno je i 75. \u010dlan olimpijske ekspedicije Srbije, koliko je na\u0161ih takmi\u010dara do danas obezbedilo u\u010de\u0161\u0107e na 31. Letnjim olimpijskim igrama u Rio de \u017daneiru, od 5. do 21. avgusta ove godine.<br \/>\nDrugog dana kvalifikacionog predolimpijskog turnira u Zrenjaninu, kao i tre\u0107eg, u nedelju, kvalifikacione borbe na tri strunja\u010de po\u010dinju u 9.30 i traju do 14 \u010dasova. U ve\u010dernjim terminima, od 19 \u2013 21 \u010das gledaoci mogu u\u017eivati u finalnim borbama i prisustvovati ceremoniji dodele medalja.<br \/>\nUkoliko se odlu\u010de da posete &#8220;Kristalnu dvoranu&#8221;, do\u010deka\u0107e ih impresivan ovog sportskog objekta, posebno ukra\u0161enog za ovu priliku i spolja i u unutra\u0161njosti.<br \/>\nZa pripremu takmi\u010dara pred borbe, kao i za merenje, u funkciji je i hala &#8220;Medison&#8221;, s kojom je uspostavljena &#8220;topla&#8221; veza, odnosno montiran poseban tunel koji je spojio obe dvorane.<\/p>\nngg_shortcode_0_placeholder\n","protected":false},"excerpt":{"rendered":"<p>Vi\u0161e od 500 takmi\u010darki i takmi\u010dara u gr\u010dko-rimskom i slobodnom stilu iz 38 evropskih zemalja nadme\u0107e se u &#8220;Kristalnoj dvorani&#8221; za plasman u finale u svojim kategorijama, odnosno za prva dva mesta koje im obezbe\u0111uju u\u010de\u0161\u0107e na najve\u0107oj sportskoj planetarnoj smotri. Takmi\u010denje, koje traje do nedelje, 17. aprila, sve\u010dano su sino\u0107 otvorili predsednik Svetske rva\u010dke &hellip; <\/p>\n<p><a class=\"more-link btn\" href=\"https:\/\/sportskiobjekti.com\/?p=1306\">Continue reading<\/a><\/p>\n","protected":false},"author":1,"featured_media":0,"comment_status":"closed","ping_status":"closed","sticky":false,"template":"","format":"standard","meta":{"ngg_post_thumbnail":0,"footnotes":""},"categories":[1],"tags":[],"class_list":["post-1306","post","type-post","status-publish","format-standard","hentry","category-uncategorized","item-wrap"],"_links":{"self":[{"href":"https:\/\/sportskiobjekti.com\/index.php?rest_route=\/wp\/v2\/posts\/1306","targetHints":{"allow":["GET"]}}],"collection":[{"href":"https:\/\/sportskiobjekti.com\/index.php?rest_route=\/wp\/v2\/posts"}],"about":[{"href":"https:\/\/sportskiobjekti.com\/index.php?rest_route=\/wp\/v2\/types\/post"}],"author":[{"embeddable":true,"href":"https:\/\/sportskiobjekti.com\/index.php?rest_route=\/wp\/v2\/users\/1"}],"replies":[{"embeddable":true,"href":"https:\/\/sportskiobjekti.com\/index.php?rest_route=%2Fwp%2Fv2%2Fcomments&post=1306"}],"version-history":[{"count":4,"href":"https:\/\/sportskiobjekti.com\/index.php?rest_route=\/wp\/v2\/posts\/1306\/revisions"}],"predecessor-version":[{"id":1311,"href":"https:\/\/sportskiobjekti.com\/index.php?rest_route=\/wp\/v2\/posts\/1306\/revisions\/1311"}],"wp:attachment":[{"href":"https:\/\/sportskiobjekti.com\/index.php?rest_route=%2Fwp%2Fv2%2Fmedia&parent=1306"}],"wp:term":[{"taxonomy":"category","embeddable":true,"href":"https:\/\/sportskiobjekti.com\/index.php?rest_route=%2Fwp%2Fv2%2Fcategories&post=1306"},{"taxonomy":"post_tag","embeddable":true,"href":"https:\/\/sportskiobjekti.com\/index.php?rest_route=%2Fwp%2Fv2%2Ftags&post=1306"}],"curies":[{"name":"wp","href":"https:\/\/api.w.org\/{rel}","templated":true}]}}